{"id":10064,"date":"2025-03-25T12:58:00","date_gmt":"2025-03-25T09:58:00","guid":{"rendered":"https:\/\/cseimontessori.eu\/wp\/?p=10064"},"modified":"2025-11-24T12:41:55","modified_gmt":"2025-11-24T09:41:55","slug":"apel-selectie-mobilitate-turcia","status":"publish","type":"post","link":"https:\/\/cseimontessori.eu\/wp\/apel-selectie-mobilitate-turcia\/","title":{"rendered":"Apel selec\u021bie elevi participan\u021bi la activitatea de grup &#8211; Turcia"},"content":{"rendered":"\n<figure class=\"wp-block-image size-large is-resized\"><img loading=\"lazy\" decoding=\"async\" width=\"1024\" height=\"228\" src=\"https:\/\/cseimontessori.eu\/wp\/wp-content\/uploads\/2023\/11\/EN_Co-fundedbytheEU_RGB_POS-1024x228.png\" alt=\"Co-funded by the European Union\" class=\"wp-image-4283\" style=\"width:300px\" srcset=\"https:\/\/cseimontessori.eu\/wp\/wp-content\/uploads\/2023\/11\/EN_Co-fundedbytheEU_RGB_POS-1024x228.png 1024w, https:\/\/cseimontessori.eu\/wp\/wp-content\/uploads\/2023\/11\/EN_Co-fundedbytheEU_RGB_POS-300x67.png 300w, https:\/\/cseimontessori.eu\/wp\/wp-content\/uploads\/2023\/11\/EN_Co-fundedbytheEU_RGB_POS-768x171.png 768w, https:\/\/cseimontessori.eu\/wp\/wp-content\/uploads\/2023\/11\/EN_Co-fundedbytheEU_RGB_POS-1536x343.png 1536w, https:\/\/cseimontessori.eu\/wp\/wp-content\/uploads\/2023\/11\/EN_Co-fundedbytheEU_RGB_POS-2048x457.png 2048w\" sizes=\"auto, (max-width: 1024px) 100vw, 1024px\" \/><\/figure>\n\n\n\n<p>Prezentul apel stabile\u0219te modalitatea de selec\u021bie a elevilor participan\u021bi \u00een activitatea de grup (Group Mobility of Students) din cadrul proiectului de \u201eAcreditare Erasmus+ \u00een domeniul Educa\u021biei \u0218colare\u201d, num\u0103r de referin\u021b\u0103 2022-1-RO01-KA120-SCH-000108034, finan\u021bat de Comisia European\u0103 prin programul Erasmus+ pentru anul II de acreditare. Activitatea se va desf\u0103\u0219ura \u00een perioada 12 mai &#8211; 16 mai 2025 \u00een Turcia.<\/p>\n\n\n\n<p>Prezentul apel se adreseaz\u0103 elevilor \u00eenscri\u0219i la C\u0218EI \u201eMaria Montessori\u201d, Constan\u021ba.<\/p>\n\n\n\n<p>Pentru mai multe informa\u021bii v\u0103 rug\u0103m s\u0103 consulta\u021bi fi\u0219ierul ata\u0219at acestui articol.<\/p>\n\n\n\n<p>V\u0103 mul\u021bumim!<\/p>\n\n\n\n<div data-wp-interactive=\"core\/file\" class=\"wp-block-file\"><object data-wp-bind--hidden=\"!state.hasPdfPreview\" hidden class=\"wp-block-file__embed\" data=\"https:\/\/cseimontessori.eu\/wp\/wp-content\/uploads\/2025\/03\/selectie-elevi-activitate-de-grup-Turcia.pdf\" type=\"application\/pdf\" style=\"width:100%;height:600px\" aria-label=\"\u00cenglobare pentru selectie elevi activitate de grup Turcia.\"><\/object><a id=\"wp-block-file--media-2cf44745-5736-4630-a799-4597a880b06e\" href=\"https:\/\/cseimontessori.eu\/wp\/wp-content\/uploads\/2025\/03\/selectie-elevi-activitate-de-grup-Turcia.pdf\">selectie elevi activitate de grup Turcia<\/a><a href=\"https:\/\/cseimontessori.eu\/wp\/wp-content\/uploads\/2025\/03\/selectie-elevi-activitate-de-grup-Turcia.pdf\" class=\"wp-block-file__button wp-element-button\" download aria-describedby=\"wp-block-file--media-2cf44745-5736-4630-a799-4597a880b06e\">Descarc\u0103<\/a><\/div>\n\n\n\n<p class=\"has-text-align-center has-small-font-size\">Finan\u021bat de Uniunea European\u0103. Punctele de vedere \u0219i opiniile exprimate apar\u021bin, \u00eens\u0103, exclusiv autorului (autorilor) \u0219i nu reflect\u0103 neap\u0103rat punctele de vedere \u0219i opiniile Uniunii Europene sau ale ANPCDEFP. Nici Uniunea European\u0103 \u0219i nici&nbsp;ANPCDEFP nu pot fi considerate r\u0103spunz\u0103toare pentru acestea.<\/p>\n","protected":false},"excerpt":{"rendered":"<p>Prezentul apel stabile\u0219te modalitatea de selec\u021bie a elevilor participan\u021bi \u00een activitatea de grup (Group Mobility of Students) din cadrul proiectului de \u201eAcreditare Erasmus+ \u00een domeniul Educa\u021biei \u0218colare\u201d, num\u0103r de referin\u021b\u0103 2022-1-RO01-KA120-SCH-000108034, finan\u021bat de Comisia European\u0103 prin programul Erasmus+ pentru anul II de acreditare. Activitatea se va desf\u0103\u0219ura \u00een perioada 12 mai &#8211; 16 mai 2025 [&hellip;]<\/p>\n","protected":false},"author":2,"featured_media":5043,"comment_status":"closed","ping_status":"closed","sticky":false,"template":"","format":"standard","meta":{"footnotes":""},"categories":[13,12],"tags":[153,96,151],"class_list":["post-10064","post","type-post","status-publish","format-standard","has-post-thumbnail","hentry","category-anunturi","category-proiecte-europene","tag-acreditare-erasmus","tag-anunt","tag-ro"],"_links":{"self":[{"href":"https:\/\/cseimontessori.eu\/wp\/wp-json\/wp\/v2\/posts\/10064","targetHints":{"allow":["GET"]}}],"collection":[{"href":"https:\/\/cseimontessori.eu\/wp\/wp-json\/wp\/v2\/posts"}],"about":[{"href":"https:\/\/cseimontessori.eu\/wp\/wp-json\/wp\/v2\/types\/post"}],"author":[{"embeddable":true,"href":"https:\/\/cseimontessori.eu\/wp\/wp-json\/wp\/v2\/users\/2"}],"replies":[{"embeddable":true,"href":"https:\/\/cseimontessori.eu\/wp\/wp-json\/wp\/v2\/comments?post=10064"}],"version-history":[{"count":4,"href":"https:\/\/cseimontessori.eu\/wp\/wp-json\/wp\/v2\/posts\/10064\/revisions"}],"predecessor-version":[{"id":11681,"href":"https:\/\/cseimontessori.eu\/wp\/wp-json\/wp\/v2\/posts\/10064\/revisions\/11681"}],"wp:featuredmedia":[{"embeddable":true,"href":"https:\/\/cseimontessori.eu\/wp\/wp-json\/wp\/v2\/media\/5043"}],"wp:attachment":[{"href":"https:\/\/cseimontessori.eu\/wp\/wp-json\/wp\/v2\/media?parent=10064"}],"wp:term":[{"taxonomy":"category","embeddable":true,"href":"https:\/\/cseimontessori.eu\/wp\/wp-json\/wp\/v2\/categories?post=10064"},{"taxonomy":"post_tag","embeddable":true,"href":"https:\/\/cseimontessori.eu\/wp\/wp-json\/wp\/v2\/tags?post=10064"}],"curies":[{"name":"wp","href":"https:\/\/api.w.org\/{rel}","templated":true}]}}